{"id":907,"date":"2025-03-04T00:23:16","date_gmt":"2025-03-04T00:23:16","guid":{"rendered":"https:\/\/tordillomunicipio.org\/?p=907"},"modified":"2025-03-04T00:25:22","modified_gmt":"2025-03-04T00:25:22","slug":"olivera-destaco-el-seguridad-y-el-orden-de-los-carnavales","status":"publish","type":"post","link":"https:\/\/tordillomunicipio.org\/index.php\/2025\/03\/04\/olivera-destaco-el-seguridad-y-el-orden-de-los-carnavales\/","title":{"rendered":"Olivera destac\u00f3 el seguridad y el orden de los carnavales"},"content":{"rendered":"\n<p>En una publicaci\u00f3n para las redes sociales, el intendente H\u00e9ctor Olivera agradeci\u00f3 y felicit\u00f3 a las fuerzas de seguridad por el operativo de prevenci\u00f3n realizado con el fin de garantizar la seguridad y el orden en los carnavales de Tordillo, que finalizaron ayer.<\/p>\n\n\n\n<p>\u201cHoy recibimos los informes de c\u00f3mo se desarroll\u00f3 la seguridad del evento y corroboramos que la gente se divirti\u00f3, la pas\u00f3 bien, disfrut\u00f3 de los carnavales y ni un solo disturbio se registr\u00f3 a lo largo de las dos noches\u201d, expres\u00f3 Olivera en Facebook, Instagram y Twitter.<\/p>\n\n\n\n<p>\u201cTodos se divirtieron sanamente en familia y como Dios manda\u201d, agreg\u00f3 el intendente, antes de agradecer a las fuerzas de seguridad por el exitoso operativo.<\/p>\n\n\n\n<p>\u201cQuiero agradecer y felicitar a las fuerzas de seguridad, (Polic\u00eda Local, Bomberos y CPR) quienes se desempe\u00f1aron con profesionalismo y amabilidad durante todo el transcurso de los festejos garantizando la tranquilidad y el orden tanto en la planta urbana como en el sector rural\u201d, concluy\u00f3 H\u00e9ctor Olivera.<\/p>\n","protected":false},"excerpt":{"rendered":"<p>El intendente H\u00e9ctor Olivera agradeci\u00f3 y felicit\u00f3 a las fuerzas de seguridad por el operativo que garantiz\u00f3 el orden en los carnavales de Tordillo. Destac\u00f3 que no hubo disturbios y que la comunidad disfrut\u00f3 en familia. \u201cTodos se divirtieron sanamente\u201d, expres\u00f3 en sus redes sociales.<\/p>\n","protected":false},"author":2,"featured_media":910,"comment_status":"open","ping_status":"open","sticky":false,"template":"","format":"standard","meta":{"footnotes":""},"categories":[1],"tags":[],"class_list":["post-907","post","type-post","status-publish","format-standard","has-post-thumbnail","hentry","category-noticias"],"yoast_head":"<!-- This site is optimized with the Yoast SEO plugin v27.3 - https:\/\/yoast.com\/product\/yoast-seo-wordpress\/ -->\n<title>Olivera destac\u00f3 el seguridad y el orden de los carnavales - Municipalidad de Tordillo<\/title>\n<meta name=\"robots\" content=\"index, follow, max-snippet:-1, max-image-preview:large, max-video-preview:-1\" \/>\n<link rel=\"canonical\" href=\"https:\/\/tordillomunicipio.org\/index.php\/2025\/03\/04\/olivera-destaco-el-seguridad-y-el-orden-de-los-carnavales\/\" \/>\n<meta property=\"og:locale\" content=\"es_ES\" \/>\n<meta property=\"og:type\" content=\"article\" \/>\n<meta property=\"og:title\" content=\"Olivera destac\u00f3 el seguridad y el orden de los carnavales - Municipalidad de Tordillo\" \/>\n<meta property=\"og:description\" content=\"El intendente H\u00e9ctor Olivera agradeci\u00f3 y felicit\u00f3 a las fuerzas de seguridad por el operativo que garantiz\u00f3 el orden en los carnavales de Tordillo. Destac\u00f3 que no hubo disturbios y que la comunidad disfrut\u00f3 en familia. \u201cTodos se divirtieron sanamente\u201d, expres\u00f3 en sus redes sociales.\" \/>\n<meta property=\"og:url\" content=\"https:\/\/tordillomunicipio.org\/index.php\/2025\/03\/04\/olivera-destaco-el-seguridad-y-el-orden-de-los-carnavales\/\" \/>\n<meta property=\"og:site_name\" content=\"Municipalidad de Tordillo\" \/>\n<meta property=\"article:publisher\" content=\"https:\/\/www.facebook.com\/tordillomunicipio\/\" \/>\n<meta property=\"article:published_time\" content=\"2025-03-04T00:23:16+00:00\" \/>\n<meta property=\"article:modified_time\" content=\"2025-03-04T00:25:22+00:00\" \/>\n<meta property=\"og:image\" content=\"https:\/\/tordillomunicipio.org\/wp-content\/uploads\/2025\/03\/policia-2.jpg\" \/>\n\t<meta property=\"og:image:width\" content=\"1279\" \/>\n\t<meta property=\"og:image:height\" content=\"767\" \/>\n\t<meta property=\"og:image:type\" content=\"image\/jpeg\" \/>\n<meta name=\"author\" content=\"Erico Valadares\" \/>\n<meta name=\"twitter:card\" content=\"summary_large_image\" \/>\n<meta name=\"twitter:creator\" content=\"@TordilloPrensa\" \/>\n<meta name=\"twitter:site\" content=\"@TordilloPrensa\" \/>\n<meta name=\"twitter:label1\" content=\"Escrito por\" \/>\n\t<meta name=\"twitter:data1\" content=\"Erico Valadares\" \/>\n\t<meta name=\"twitter:label2\" content=\"Tiempo de lectura\" \/>\n\t<meta name=\"twitter:data2\" content=\"1 minuto\" \/>\n<script type=\"application\/ld+json\" class=\"yoast-schema-graph\">{\"@context\":\"https:\\\/\\\/schema.org\",\"@graph\":[{\"@type\":\"Article\",\"@id\":\"https:\\\/\\\/tordillomunicipio.org\\\/index.php\\\/2025\\\/03\\\/04\\\/olivera-destaco-el-seguridad-y-el-orden-de-los-carnavales\\\/#article\",\"isPartOf\":{\"@id\":\"https:\\\/\\\/tordillomunicipio.org\\\/index.php\\\/2025\\\/03\\\/04\\\/olivera-destaco-el-seguridad-y-el-orden-de-los-carnavales\\\/\"},\"author\":{\"name\":\"Erico Valadares\",\"@id\":\"https:\\\/\\\/tordillomunicipio.org\\\/#\\\/schema\\\/person\\\/eacc1f25750c5cdccd7ded1c151449f8\"},\"headline\":\"Olivera destac\u00f3 el seguridad y el orden de los carnavales\",\"datePublished\":\"2025-03-04T00:23:16+00:00\",\"dateModified\":\"2025-03-04T00:25:22+00:00\",\"mainEntityOfPage\":{\"@id\":\"https:\\\/\\\/tordillomunicipio.org\\\/index.php\\\/2025\\\/03\\\/04\\\/olivera-destaco-el-seguridad-y-el-orden-de-los-carnavales\\\/\"},\"wordCount\":179,\"commentCount\":0,\"publisher\":{\"@id\":\"https:\\\/\\\/tordillomunicipio.org\\\/#organization\"},\"image\":{\"@id\":\"https:\\\/\\\/tordillomunicipio.org\\\/index.php\\\/2025\\\/03\\\/04\\\/olivera-destaco-el-seguridad-y-el-orden-de-los-carnavales\\\/#primaryimage\"},\"thumbnailUrl\":\"https:\\\/\\\/tordillomunicipio.org\\\/wp-content\\\/uploads\\\/2025\\\/03\\\/policia-2.jpg\",\"articleSection\":[\"Noticias\"],\"inLanguage\":\"es\",\"potentialAction\":[{\"@type\":\"CommentAction\",\"name\":\"Comment\",\"target\":[\"https:\\\/\\\/tordillomunicipio.org\\\/index.php\\\/2025\\\/03\\\/04\\\/olivera-destaco-el-seguridad-y-el-orden-de-los-carnavales\\\/#respond\"]}]},{\"@type\":\"WebPage\",\"@id\":\"https:\\\/\\\/tordillomunicipio.org\\\/index.php\\\/2025\\\/03\\\/04\\\/olivera-destaco-el-seguridad-y-el-orden-de-los-carnavales\\\/\",\"url\":\"https:\\\/\\\/tordillomunicipio.org\\\/index.php\\\/2025\\\/03\\\/04\\\/olivera-destaco-el-seguridad-y-el-orden-de-los-carnavales\\\/\",\"name\":\"Olivera destac\u00f3 el seguridad y el orden de los carnavales - Municipalidad de Tordillo\",\"isPartOf\":{\"@id\":\"https:\\\/\\\/tordillomunicipio.org\\\/#website\"},\"primaryImageOfPage\":{\"@id\":\"https:\\\/\\\/tordillomunicipio.org\\\/index.php\\\/2025\\\/03\\\/04\\\/olivera-destaco-el-seguridad-y-el-orden-de-los-carnavales\\\/#primaryimage\"},\"image\":{\"@id\":\"https:\\\/\\\/tordillomunicipio.org\\\/index.php\\\/2025\\\/03\\\/04\\\/olivera-destaco-el-seguridad-y-el-orden-de-los-carnavales\\\/#primaryimage\"},\"thumbnailUrl\":\"https:\\\/\\\/tordillomunicipio.org\\\/wp-content\\\/uploads\\\/2025\\\/03\\\/policia-2.jpg\",\"datePublished\":\"2025-03-04T00:23:16+00:00\",\"dateModified\":\"2025-03-04T00:25:22+00:00\",\"breadcrumb\":{\"@id\":\"https:\\\/\\\/tordillomunicipio.org\\\/index.php\\\/2025\\\/03\\\/04\\\/olivera-destaco-el-seguridad-y-el-orden-de-los-carnavales\\\/#breadcrumb\"},\"inLanguage\":\"es\",\"potentialAction\":[{\"@type\":\"ReadAction\",\"target\":[\"https:\\\/\\\/tordillomunicipio.org\\\/index.php\\\/2025\\\/03\\\/04\\\/olivera-destaco-el-seguridad-y-el-orden-de-los-carnavales\\\/\"]}]},{\"@type\":\"ImageObject\",\"inLanguage\":\"es\",\"@id\":\"https:\\\/\\\/tordillomunicipio.org\\\/index.php\\\/2025\\\/03\\\/04\\\/olivera-destaco-el-seguridad-y-el-orden-de-los-carnavales\\\/#primaryimage\",\"url\":\"https:\\\/\\\/tordillomunicipio.org\\\/wp-content\\\/uploads\\\/2025\\\/03\\\/policia-2.jpg\",\"contentUrl\":\"https:\\\/\\\/tordillomunicipio.org\\\/wp-content\\\/uploads\\\/2025\\\/03\\\/policia-2.jpg\",\"width\":1279,\"height\":767},{\"@type\":\"BreadcrumbList\",\"@id\":\"https:\\\/\\\/tordillomunicipio.org\\\/index.php\\\/2025\\\/03\\\/04\\\/olivera-destaco-el-seguridad-y-el-orden-de-los-carnavales\\\/#breadcrumb\",\"itemListElement\":[{\"@type\":\"ListItem\",\"position\":1,\"name\":\"Portada\",\"item\":\"https:\\\/\\\/tordillomunicipio.org\\\/\"},{\"@type\":\"ListItem\",\"position\":2,\"name\":\"Olivera destac\u00f3 el seguridad y el orden de los carnavales\"}]},{\"@type\":\"WebSite\",\"@id\":\"https:\\\/\\\/tordillomunicipio.org\\\/#website\",\"url\":\"https:\\\/\\\/tordillomunicipio.org\\\/\",\"name\":\"Municipalidad de Tordillo\",\"description\":\"Municipalidad de Tordillo\",\"publisher\":{\"@id\":\"https:\\\/\\\/tordillomunicipio.org\\\/#organization\"},\"alternateName\":\"Municipalidad de Tordillo\",\"potentialAction\":[{\"@type\":\"SearchAction\",\"target\":{\"@type\":\"EntryPoint\",\"urlTemplate\":\"https:\\\/\\\/tordillomunicipio.org\\\/?s={search_term_string}\"},\"query-input\":{\"@type\":\"PropertyValueSpecification\",\"valueRequired\":true,\"valueName\":\"search_term_string\"}}],\"inLanguage\":\"es\"},{\"@type\":\"Organization\",\"@id\":\"https:\\\/\\\/tordillomunicipio.org\\\/#organization\",\"name\":\"Municipalidad de Tordillo\",\"alternateName\":\"Municipalidad de Tordillo\",\"url\":\"https:\\\/\\\/tordillomunicipio.org\\\/\",\"logo\":{\"@type\":\"ImageObject\",\"inLanguage\":\"es\",\"@id\":\"https:\\\/\\\/tordillomunicipio.org\\\/#\\\/schema\\\/logo\\\/image\\\/\",\"url\":\"https:\\\/\\\/tordillomunicipio.org\\\/wp-content\\\/uploads\\\/2025\\\/01\\\/logo-web.png\",\"contentUrl\":\"https:\\\/\\\/tordillomunicipio.org\\\/wp-content\\\/uploads\\\/2025\\\/01\\\/logo-web.png\",\"width\":150,\"height\":150,\"caption\":\"Municipalidad de Tordillo\"},\"image\":{\"@id\":\"https:\\\/\\\/tordillomunicipio.org\\\/#\\\/schema\\\/logo\\\/image\\\/\"},\"sameAs\":[\"https:\\\/\\\/www.facebook.com\\\/tordillomunicipio\\\/\",\"https:\\\/\\\/x.com\\\/TordilloPrensa\",\"https:\\\/\\\/www.instagram.com\\\/tordillomunicipio\\\/\"]},{\"@type\":\"Person\",\"@id\":\"https:\\\/\\\/tordillomunicipio.org\\\/#\\\/schema\\\/person\\\/eacc1f25750c5cdccd7ded1c151449f8\",\"name\":\"Erico Valadares\",\"image\":{\"@type\":\"ImageObject\",\"inLanguage\":\"es\",\"@id\":\"https:\\\/\\\/secure.gravatar.com\\\/avatar\\\/49d45029759eb9c6d71af2fc94edcb9f046ebeed907fb2ad83bd366f5e5b4bb7?s=96&d=mm&r=g\",\"url\":\"https:\\\/\\\/secure.gravatar.com\\\/avatar\\\/49d45029759eb9c6d71af2fc94edcb9f046ebeed907fb2ad83bd366f5e5b4bb7?s=96&d=mm&r=g\",\"contentUrl\":\"https:\\\/\\\/secure.gravatar.com\\\/avatar\\\/49d45029759eb9c6d71af2fc94edcb9f046ebeed907fb2ad83bd366f5e5b4bb7?s=96&d=mm&r=g\",\"caption\":\"Erico Valadares\"},\"url\":\"https:\\\/\\\/tordillomunicipio.org\\\/index.php\\\/author\\\/valadaresasociadosgmail-com\\\/\"}]}<\/script>\n<!-- \/ Yoast SEO plugin. -->","yoast_head_json":{"title":"Olivera destac\u00f3 el seguridad y el orden de los carnavales - Municipalidad de Tordillo","robots":{"index":"index","follow":"follow","max-snippet":"max-snippet:-1","max-image-preview":"max-image-preview:large","max-video-preview":"max-video-preview:-1"},"canonical":"https:\/\/tordillomunicipio.org\/index.php\/2025\/03\/04\/olivera-destaco-el-seguridad-y-el-orden-de-los-carnavales\/","og_locale":"es_ES","og_type":"article","og_title":"Olivera destac\u00f3 el seguridad y el orden de los carnavales - Municipalidad de Tordillo","og_description":"El intendente H\u00e9ctor Olivera agradeci\u00f3 y felicit\u00f3 a las fuerzas de seguridad por el operativo que garantiz\u00f3 el orden en los carnavales de Tordillo. Destac\u00f3 que no hubo disturbios y que la comunidad disfrut\u00f3 en familia. \u201cTodos se divirtieron sanamente\u201d, expres\u00f3 en sus redes sociales.","og_url":"https:\/\/tordillomunicipio.org\/index.php\/2025\/03\/04\/olivera-destaco-el-seguridad-y-el-orden-de-los-carnavales\/","og_site_name":"Municipalidad de Tordillo","article_publisher":"https:\/\/www.facebook.com\/tordillomunicipio\/","article_published_time":"2025-03-04T00:23:16+00:00","article_modified_time":"2025-03-04T00:25:22+00:00","og_image":[{"width":1279,"height":767,"url":"https:\/\/tordillomunicipio.org\/wp-content\/uploads\/2025\/03\/policia-2.jpg","type":"image\/jpeg"}],"author":"Erico Valadares","twitter_card":"summary_large_image","twitter_creator":"@TordilloPrensa","twitter_site":"@TordilloPrensa","twitter_misc":{"Escrito por":"Erico Valadares","Tiempo de lectura":"1 minuto"},"schema":{"@context":"https:\/\/schema.org","@graph":[{"@type":"Article","@id":"https:\/\/tordillomunicipio.org\/index.php\/2025\/03\/04\/olivera-destaco-el-seguridad-y-el-orden-de-los-carnavales\/#article","isPartOf":{"@id":"https:\/\/tordillomunicipio.org\/index.php\/2025\/03\/04\/olivera-destaco-el-seguridad-y-el-orden-de-los-carnavales\/"},"author":{"name":"Erico Valadares","@id":"https:\/\/tordillomunicipio.org\/#\/schema\/person\/eacc1f25750c5cdccd7ded1c151449f8"},"headline":"Olivera destac\u00f3 el seguridad y el orden de los carnavales","datePublished":"2025-03-04T00:23:16+00:00","dateModified":"2025-03-04T00:25:22+00:00","mainEntityOfPage":{"@id":"https:\/\/tordillomunicipio.org\/index.php\/2025\/03\/04\/olivera-destaco-el-seguridad-y-el-orden-de-los-carnavales\/"},"wordCount":179,"commentCount":0,"publisher":{"@id":"https:\/\/tordillomunicipio.org\/#organization"},"image":{"@id":"https:\/\/tordillomunicipio.org\/index.php\/2025\/03\/04\/olivera-destaco-el-seguridad-y-el-orden-de-los-carnavales\/#primaryimage"},"thumbnailUrl":"https:\/\/tordillomunicipio.org\/wp-content\/uploads\/2025\/03\/policia-2.jpg","articleSection":["Noticias"],"inLanguage":"es","potentialAction":[{"@type":"CommentAction","name":"Comment","target":["https:\/\/tordillomunicipio.org\/index.php\/2025\/03\/04\/olivera-destaco-el-seguridad-y-el-orden-de-los-carnavales\/#respond"]}]},{"@type":"WebPage","@id":"https:\/\/tordillomunicipio.org\/index.php\/2025\/03\/04\/olivera-destaco-el-seguridad-y-el-orden-de-los-carnavales\/","url":"https:\/\/tordillomunicipio.org\/index.php\/2025\/03\/04\/olivera-destaco-el-seguridad-y-el-orden-de-los-carnavales\/","name":"Olivera destac\u00f3 el seguridad y el orden de los carnavales - Municipalidad de Tordillo","isPartOf":{"@id":"https:\/\/tordillomunicipio.org\/#website"},"primaryImageOfPage":{"@id":"https:\/\/tordillomunicipio.org\/index.php\/2025\/03\/04\/olivera-destaco-el-seguridad-y-el-orden-de-los-carnavales\/#primaryimage"},"image":{"@id":"https:\/\/tordillomunicipio.org\/index.php\/2025\/03\/04\/olivera-destaco-el-seguridad-y-el-orden-de-los-carnavales\/#primaryimage"},"thumbnailUrl":"https:\/\/tordillomunicipio.org\/wp-content\/uploads\/2025\/03\/policia-2.jpg","datePublished":"2025-03-04T00:23:16+00:00","dateModified":"2025-03-04T00:25:22+00:00","breadcrumb":{"@id":"https:\/\/tordillomunicipio.org\/index.php\/2025\/03\/04\/olivera-destaco-el-seguridad-y-el-orden-de-los-carnavales\/#breadcrumb"},"inLanguage":"es","potentialAction":[{"@type":"ReadAction","target":["https:\/\/tordillomunicipio.org\/index.php\/2025\/03\/04\/olivera-destaco-el-seguridad-y-el-orden-de-los-carnavales\/"]}]},{"@type":"ImageObject","inLanguage":"es","@id":"https:\/\/tordillomunicipio.org\/index.php\/2025\/03\/04\/olivera-destaco-el-seguridad-y-el-orden-de-los-carnavales\/#primaryimage","url":"https:\/\/tordillomunicipio.org\/wp-content\/uploads\/2025\/03\/policia-2.jpg","contentUrl":"https:\/\/tordillomunicipio.org\/wp-content\/uploads\/2025\/03\/policia-2.jpg","width":1279,"height":767},{"@type":"BreadcrumbList","@id":"https:\/\/tordillomunicipio.org\/index.php\/2025\/03\/04\/olivera-destaco-el-seguridad-y-el-orden-de-los-carnavales\/#breadcrumb","itemListElement":[{"@type":"ListItem","position":1,"name":"Portada","item":"https:\/\/tordillomunicipio.org\/"},{"@type":"ListItem","position":2,"name":"Olivera destac\u00f3 el seguridad y el orden de los carnavales"}]},{"@type":"WebSite","@id":"https:\/\/tordillomunicipio.org\/#website","url":"https:\/\/tordillomunicipio.org\/","name":"Municipalidad de Tordillo","description":"Municipalidad de Tordillo","publisher":{"@id":"https:\/\/tordillomunicipio.org\/#organization"},"alternateName":"Municipalidad de Tordillo","potentialAction":[{"@type":"SearchAction","target":{"@type":"EntryPoint","urlTemplate":"https:\/\/tordillomunicipio.org\/?s={search_term_string}"},"query-input":{"@type":"PropertyValueSpecification","valueRequired":true,"valueName":"search_term_string"}}],"inLanguage":"es"},{"@type":"Organization","@id":"https:\/\/tordillomunicipio.org\/#organization","name":"Municipalidad de Tordillo","alternateName":"Municipalidad de Tordillo","url":"https:\/\/tordillomunicipio.org\/","logo":{"@type":"ImageObject","inLanguage":"es","@id":"https:\/\/tordillomunicipio.org\/#\/schema\/logo\/image\/","url":"https:\/\/tordillomunicipio.org\/wp-content\/uploads\/2025\/01\/logo-web.png","contentUrl":"https:\/\/tordillomunicipio.org\/wp-content\/uploads\/2025\/01\/logo-web.png","width":150,"height":150,"caption":"Municipalidad de Tordillo"},"image":{"@id":"https:\/\/tordillomunicipio.org\/#\/schema\/logo\/image\/"},"sameAs":["https:\/\/www.facebook.com\/tordillomunicipio\/","https:\/\/x.com\/TordilloPrensa","https:\/\/www.instagram.com\/tordillomunicipio\/"]},{"@type":"Person","@id":"https:\/\/tordillomunicipio.org\/#\/schema\/person\/eacc1f25750c5cdccd7ded1c151449f8","name":"Erico Valadares","image":{"@type":"ImageObject","inLanguage":"es","@id":"https:\/\/secure.gravatar.com\/avatar\/49d45029759eb9c6d71af2fc94edcb9f046ebeed907fb2ad83bd366f5e5b4bb7?s=96&d=mm&r=g","url":"https:\/\/secure.gravatar.com\/avatar\/49d45029759eb9c6d71af2fc94edcb9f046ebeed907fb2ad83bd366f5e5b4bb7?s=96&d=mm&r=g","contentUrl":"https:\/\/secure.gravatar.com\/avatar\/49d45029759eb9c6d71af2fc94edcb9f046ebeed907fb2ad83bd366f5e5b4bb7?s=96&d=mm&r=g","caption":"Erico Valadares"},"url":"https:\/\/tordillomunicipio.org\/index.php\/author\/valadaresasociadosgmail-com\/"}]}},"_links":{"self":[{"href":"https:\/\/tordillomunicipio.org\/index.php\/wp-json\/wp\/v2\/posts\/907","targetHints":{"allow":["GET"]}}],"collection":[{"href":"https:\/\/tordillomunicipio.org\/index.php\/wp-json\/wp\/v2\/posts"}],"about":[{"href":"https:\/\/tordillomunicipio.org\/index.php\/wp-json\/wp\/v2\/types\/post"}],"author":[{"embeddable":true,"href":"https:\/\/tordillomunicipio.org\/index.php\/wp-json\/wp\/v2\/users\/2"}],"replies":[{"embeddable":true,"href":"https:\/\/tordillomunicipio.org\/index.php\/wp-json\/wp\/v2\/comments?post=907"}],"version-history":[{"count":1,"href":"https:\/\/tordillomunicipio.org\/index.php\/wp-json\/wp\/v2\/posts\/907\/revisions"}],"predecessor-version":[{"id":909,"href":"https:\/\/tordillomunicipio.org\/index.php\/wp-json\/wp\/v2\/posts\/907\/revisions\/909"}],"wp:featuredmedia":[{"embeddable":true,"href":"https:\/\/tordillomunicipio.org\/index.php\/wp-json\/wp\/v2\/media\/910"}],"wp:attachment":[{"href":"https:\/\/tordillomunicipio.org\/index.php\/wp-json\/wp\/v2\/media?parent=907"}],"wp:term":[{"taxonomy":"category","embeddable":true,"href":"https:\/\/tordillomunicipio.org\/index.php\/wp-json\/wp\/v2\/categories?post=907"},{"taxonomy":"post_tag","embeddable":true,"href":"https:\/\/tordillomunicipio.org\/index.php\/wp-json\/wp\/v2\/tags?post=907"}],"curies":[{"name":"wp","href":"https:\/\/api.w.org\/{rel}","templated":true}]}}